{"id":7532,"date":"2024-06-25T15:46:44","date_gmt":"2024-06-25T13:46:44","guid":{"rendered":"https:\/\/prolac.cm\/?p=7532"},"modified":"2024-06-25T15:46:47","modified_gmt":"2024-06-25T13:46:47","slug":"formation-des-organes-de-gestion-sur-la-perennisation-des-ouvrages-infrastructures","status":"publish","type":"post","link":"https:\/\/prolac.cm\/en\/formation-des-organes-de-gestion-sur-la-perennisation-des-ouvrages-infrastructures\/","title":{"rendered":"FORMATION DES ORGANES DE GESTION SUR LA PERENNISATION DES OUVRAGES\/INFRASTRUCTURES"},"content":{"rendered":"<p><strong>MISE EN PLACE D\u2019UN COMITE DE GESTION DES OUVRAGES\/INFRASTRUCTURES DU PROLAC<\/strong><\/p>\n\n\n\n<p>Le <mark style=\"background-color:rgba(0, 0, 0, 0)\" class=\"has-inline-color has-vivid-red-color\">Comit\u00e9 de Gestion (COGES) <\/mark>est mis en place \u00e0 l\u2019issue du processus d\u2019un diagnostic participatif villageois. Les diff\u00e9rentes parties prenantes doivent\u00a0 ma\u00eetriser leurs r\u00f4les et attributions afin de mieux r\u00e9pondre aux attentes des commer\u00e7ants (construction et \u00e9quipement des march\u00e9s ruraux), des \u00e9leveurs (construction des forages pastoraux, des parcs \u00e0 b\u00e9tail, des quais d\u2019embarquement, march\u00e9s \u00e0 b\u00e9tail etc.), des agriculteurs (Am\u00e9nagement des p\u00e9rim\u00e8tres, entrep\u00f4ts, magasins de stockage \u2026) et des populations (forages PMH, Mini AEP, forages multi usages). Les membres du comit\u00e9 sont les garants de toutes les d\u00e9cisions prises relatives \u00e0 la gestion de l\u2019infrastructure mis \u00e0 leur disposition par le PROLAC. Le processus de concertation sur la gestion de l\u2019ouvrage se fera au cours des assembl\u00e9es villageoises r\u00e9unissant le maximum de groupes socio-professionnels et de couches sociales (<strong>agriculteurs, \u00e9leveurs, p\u00eacheurs, commer\u00e7ants\u2026<\/strong>).<\/p>\n\n\n\n<ol class=\"wp-block-list\" start=\"1\">\n<li><strong>Composition<\/strong><\/li>\n<\/ol>\n\n\n\n<p>Le Comit\u00e9 de gestion s\u2019appuiera dans la mesure du possible sur des personnes des villages en proximit\u00e9 avec l\u2019infrastructure concern\u00e9e et qui ont plus ou moins un lien \u00e9troit avec l\u2019activit\u00e9 principale de cette infrastructure. Le Comit\u00e9 de concertation communal mis en place lors du processus de planification pourra par exemple \u00eatre r\u00e9am\u00e9nag\u00e9 pour couvrir les probl\u00e9matiques de gestion des ressources et infrastructures agro-silvo-pastorales.<\/p>\n\n\n\n<p>Il est attendu que les acteurs suivants soient membres du COGES&nbsp;:<\/p>\n\n\n\n<ul class=\"wp-block-list\">\n<li><strong>Pour les infrastructures agropastorales\u00a0(champs, aires de p\u00e2turage, entrep\u00f4ts, magasins, piste \u00e0 b\u00e9tail) :<\/strong><\/li>\n\n\n\n<li>\u00e9leveurs s\u00e9dentaires<\/li>\n\n\n\n<li>\u00e9leveurs transhumants<\/li>\n\n\n\n<li>agriculteurs<\/li>\n\n\n\n<li>p\u00eacheurs<\/li>\n\n\n\n<li>femmes et jeunes.<\/li>\n\n\n\n<li><strong>Pour les points d\u2019eaux (forage PMH, forage multi usage, forages pastoraux, mini AEP)\u00a0<\/strong><\/li>\n\n\n\n<li>populations h\u00f4tes<\/li>\n\n\n\n<li>repr\u00e9sentant des personnes d\u00e9plac\u00e9es<\/li>\n\n\n\n<li>repr\u00e9sentant de la commune<\/li>\n\n\n\n<li><strong>Pour les march\u00e9s ruraux (Hangar des march\u00e9s et boutiques, parcs \u00e0 b\u00e9tail)<\/strong><\/li>\n\n\n\n<li>Association des acteurs du march\u00e9 (vendeurs, acheteurs, courtiers, aide commer\u00e7ant etc.)<\/li>\n\n\n\n<li>Repr\u00e9sentant de la commune (agents collecteurs des droits de place sur le march\u00e9)<\/li>\n\n\n\n<li>Les repr\u00e9sentants des autres services de l\u2019\u00e9tat pr\u00e9sent sur le march\u00e9 (agriculture, \u00e9levage, commerce\u2026)<\/li>\n\n\n\n<li><strong>Les autorit\u00e9s traditionnelles sont les pr\u00e9sidents d\u2019honneur. Les COGES rendront compte de leurs activit\u00e9s aux pr\u00e9sidents d\u2019honneur. Le COGES ne devra pas compter plus de 15 membres.<\/strong><\/li>\n<\/ul>\n\n\n\n<ol class=\"wp-block-list\" start=\"2\">\n<li><strong>Missions<\/strong><\/li>\n<\/ol>\n\n\n\n<p>La mission principale du COGES est l\u2019organisation des concertations entre les acteurs membres du comit\u00e9 et les autres acteurs utilisateurs de l\u2019ouvrage\/Infrastructure ou de son service sur toutes les questions d\u2019am\u00e9nagement de gestion et du suivi \u00e9valuation de ses capacit\u00e9s productives.<\/p>\n\n\n\n<p>Les autres missions du COGES sont&nbsp;:<\/p>\n\n\n\n<ul class=\"wp-block-list\">\n<li>Mobilisation des \u00e9nergies locales (populations) pour l\u2019am\u00e9nagement, la gestion et le suivi des activit\u00e9s)\u00a0;\u00a0<\/li>\n\n\n\n<li>Contribution \u00e0 la pr\u00e9vention des conflits entre les acteurs utilisateurs\u00a0;<\/li>\n\n\n\n<li>Participation \u00e0 la mobilisation des ressources pour la r\u00e9alisation des investissements planifi\u00e9s (mat\u00e9rialisation et s\u00e9curisation des ouvrages)\u00a0;<\/li>\n\n\n\n<li>Interface entre les populations, le Comit\u00e9 ou le Cadre Communal de Concertation\u00a0et la Commune ;<\/li>\n\n\n\n<li>Suivi de l\u2019application des r\u00e8gles de gestion et des r\u00e9alisations physiques des activit\u00e9s dans sa zone d\u2019action.<\/li>\n\n\n\n<li>Rendre compte aux autorit\u00e9s traditionnelles et au Cadre de Concertation Communal de leurs activit\u00e9s.<\/li>\n<\/ul>\n\n\n\n<ol class=\"wp-block-list\" start=\"3\">\n<li><strong>Etapes de mise en place du Comit\u00e9 de Gestion<\/strong><\/li>\n<\/ol>\n\n\n\n<p>Quelques \u00e9tapes \u00e0 suivre dans le cadre de la mise en place d\u2019un COGES&nbsp;:<\/p>\n\n\n\n<ul class=\"wp-block-list\">\n<li>Sensibiliser les populations sur l\u2019importance du comit\u00e9 de gestion dans la gestion des ouvrages et infrastructures;<\/li>\n\n\n\n<li>S\u2019accorder sur les missions et la composition du COGES\u00a0;<\/li>\n\n\n\n<li>S\u2019accorder sur les crit\u00e8res de choix des membres du COGES (int\u00e9r\u00eat, disponibilit\u00e9, exp\u00e9rience, respect du genre, repr\u00e9sentativit\u00e9 des villages,\u2026)\u00a0;<\/li>\n\n\n\n<li>Faciliter le choix des membres sur la base des crit\u00e8res pr\u00e9alablement d\u00e9finis.<\/li>\n<\/ul>\n\n\n\n<ol class=\"wp-block-list\" start=\"4\">\n<li><strong>Fonctionnement<\/strong><\/li>\n<\/ol>\n\n\n\n<p>Chaque Comit\u00e9 d\u00e9finira ses statuts et r\u00e8glement int\u00e9rieur ou adaptera les documents existants pour prendre en compte les changements actuels.<\/p>\n\n\n\n<p><strong><em>Au niveau organisationnel&nbsp;:<\/em><\/strong><\/p>\n\n\n\n<ul class=\"wp-block-list\">\n<li>Tenue r\u00e9guli\u00e8re des AG\u00a0;<\/li>\n\n\n\n<li>Respect des textes r\u00e9glementaires\u00a0;<\/li>\n\n\n\n<li>Respect des principes d\u00e9mocratiques\u00a0;<\/li>\n\n\n\n<li>Etablissement r\u00e9gulier des proc\u00e8s-verbaux\u00a0;<\/li>\n\n\n\n<li>Fonctionnalit\u00e9 des organes (compr\u00e9hension des r\u00f4les, dynamisme des membres, r\u00e9unions r\u00e9guli\u00e8res, conduite des activit\u00e9s)\u00a0;<\/li>\n\n\n\n<li>Un syst\u00e8me de communication efficace (entre les diff\u00e9rents organes, entre le Cadre de Concertation Communal et entre les villageois membres)\u00a0;<\/li>\n\n\n\n<li>Redevabilit\u00e9 des membres des organes\u00a0;<\/li>\n\n\n\n<li>Gestion participative et transparente du comit\u00e9\u00a0;<\/li>\n\n\n\n<li>Capacit\u00e9 de contr\u00f4ler la gestion ou le mode gestion\u00a0;<\/li>\n\n\n\n<li>Existence des proc\u00e9dures.<\/li>\n<\/ul>\n\n\n\n<p><strong><em>Au niveau du management social&nbsp;:<\/em><\/strong><\/p>\n\n\n\n<ul class=\"wp-block-list\">\n<li>Capacit\u00e9 de d\u00e9finir des alternatives r\u00e9alistes et r\u00e9alisables en lien avec l\u2019analyse du contexte et la vision en associant la base\u00a0;<\/li>\n\n\n\n<li>Capacit\u00e9 de pr\u00e9senter les documents (Rapports d\u2019activit\u00e9s, comptes, comptes rendus, etc.)\u00a0;<\/li>\n\n\n\n<li>Capacit\u00e9 de planifier les activit\u00e9s (Plan d\u2019action, calendrier d\u2019activit\u00e9\u2026)\u00a0;<\/li>\n\n\n\n<li>Capacit\u00e9 de mobiliser les ressources locales.<\/li>\n<\/ul>\n\n\n\n<ul class=\"wp-block-list\">\n<li><strong>R\u00e9unions\/Rencontres du COGES<\/strong><\/li>\n\n\n\n<li><strong><em>Du type et de la p\u00e9riodicit\u00e9 des r\u00e9unions<\/em><\/strong><\/li>\n<\/ul>\n\n\n\n<p>Le COGES est l\u2019organe porteur de toutes les actions de d\u00e9veloppement et d\u2019am\u00e9lioration des capacit\u00e9s de fonctionnement de l\u2019ouvrage\/infrastructure dans un village ou un ensemble de village. Il doit \u00eatre \u00e0 cet effet tr\u00e8s actif et dynamique au travers des rencontres et des animations autour des activit\u00e9s \u00e0 l\u2019int\u00e9rieur des villages selon leur usage de la n\u00e9gociation, de la fixation des r\u00e8gles d\u2019utilisation et de la mise en \u0153uvre des plans d\u2019am\u00e9lioration des ressources agro-silvo-pastorales. C\u2019est l\u2019interface directe entre les communaut\u00e9s b\u00e9n\u00e9ficiaires, la Commune, les services de l\u2019Etat et tous les projets et programmes intervenant dans sa Commune. Pour assurer une telle responsabilit\u00e9, le COGES doit disposer d\u2019un r\u00e8glement int\u00e9rieur qui doit r\u00e9gir les principes de son fonctionnement en fonction de ses sp\u00e9cificit\u00e9s. Il est propos\u00e9 que les membres se rencontrent tous les mois pour \u00e9valuer l\u2019avancement des activit\u00e9s arr\u00eat\u00e9es dans leur plan d\u2019action. A cet effet, ces rencontres pourront se faire sous la coordination technique d\u2019un Facilitateur recrut\u00e9 par le comit\u00e9.<\/p>\n\n\n\n<ul class=\"wp-block-list\">\n<li><strong><em>De la convocation et de l\u2019objet des r\u00e9unions<\/em><\/strong><\/li>\n<\/ul>\n\n\n\n<p>Les r\u00e9unions du Comit\u00e9, convoqu\u00e9es par le Pr\u00e9sident, doivent porter sur l\u2019\u00e9tat d\u2019avancement des activit\u00e9s programm\u00e9es et sur le niveau de mise en \u0153uvre des chartes de gestion au niveau villages. Pendant cette r\u00e9union, les r\u00e9alisations cl\u00e9s des partenaires au d\u00e9veloppement pourront faire l\u2019objet du partage par les repr\u00e9sentants des villages o\u00f9 se r\u00e9alisent les am\u00e9nagements.<\/p>\n\n\n\n<ul class=\"wp-block-list\">\n<li><strong><em>Du compte-rendu des r\u00e9unions des COGES<\/em><\/strong><\/li>\n<\/ul>\n\n\n\n<p>Les comptes rendus succincts des rencontres, r\u00e9dig\u00e9s avec l\u2019appui d\u2019un Facilitateur doivent \u00eatre partag\u00e9s entre les diff\u00e9rents membres du comit\u00e9. Les probl\u00e9matiques complexes doivent \u00eatre port\u00e9es d\u2019abord aux Chefs des villages.<\/p>\n\n\n\n<p><strong>Visites et voyages d\u2019\u00e9change d\u2019exp\u00e9rience<\/strong><\/p>\n\n\n\n<p>Le brassage de connaissances est un \u00e9l\u00e9ment important de capitalisation. Afin de faciliter le brassage d\u2019id\u00e9es et de connaissances entre les membres du Comit\u00e9&nbsp; dans une m\u00eame Commune, dans les autres Communes, dans les autres R\u00e9gions d\u2019intervention et m\u00eame au-del\u00e0, il est encourag\u00e9 des cadres d\u2019\u00e9changes et de partage d\u2019exp\u00e9riences. Ces cadres de partage doivent porter sur la motivation d\u2019un COGES \u00e0 apprendre, \u00e0 partager et sur la capacit\u00e9 \u00e0 produire un effet \u00ab&nbsp;t\u00e2che d\u2019huile&nbsp;\u00bb sur les autres. Ils devront \u00eatre les plus objectifs.<\/p>\n\n\n\n<ul class=\"wp-block-list\">\n<li><strong>Descentes de suivi des r\u00e8gles, des r\u00e9alisations physiques sur les sites<\/strong><\/li>\n<\/ul>\n\n\n\n<p>Les COGES doivent pr\u00e9voir dans leur plan d\u2019action\/feuille de route, des descentes sur le terrain pour travailler en permanence avec les utilisateurs des ouvrages et infrastructures, pour pr\u00e9venir les conflits et mettre en place les conditions favorables pour l\u2019am\u00e9lioration de la productivit\u00e9\/durabilit\u00e9 des syst\u00e8mes mis en place.<\/p>\n\n\n\n<figure class=\"wp-block-gallery has-nested-images columns-default is-cropped wp-block-gallery-1 is-layout-flex wp-block-gallery-is-layout-flex\">\n<figure class=\"wp-block-image size-large\"><img fetchpriority=\"high\" decoding=\"async\" width=\"1024\" height=\"768\" data-id=\"7551\" src=\"https:\/\/prolac.cm\/wp-content\/uploads\/2024\/06\/20230214_115742-1024x768.jpg\" alt=\"\" class=\"wp-image-7551\" srcset=\"https:\/\/prolac.cm\/wp-content\/uploads\/2024\/06\/20230214_115742-1024x768.jpg 1024w, https:\/\/prolac.cm\/wp-content\/uploads\/2024\/06\/20230214_115742-300x225.jpg 300w, https:\/\/prolac.cm\/wp-content\/uploads\/2024\/06\/20230214_115742-768x576.jpg 768w, https:\/\/prolac.cm\/wp-content\/uploads\/2024\/06\/20230214_115742-1536x1152.jpg 1536w, https:\/\/prolac.cm\/wp-content\/uploads\/2024\/06\/20230214_115742-2048x1536.jpg 2048w, https:\/\/prolac.cm\/wp-content\/uploads\/2024\/06\/20230214_115742-16x12.jpg 16w, https:\/\/prolac.cm\/wp-content\/uploads\/2024\/06\/20230214_115742-600x450.jpg 600w, https:\/\/prolac.cm\/wp-content\/uploads\/2024\/06\/20230214_115742-560x420.jpg 560w\" sizes=\"(max-width: 1024px) 100vw, 1024px\" \/><\/figure>\n\n\n\n<figure class=\"wp-block-image size-large\"><img decoding=\"async\" width=\"1024\" height=\"768\" data-id=\"7553\" src=\"https:\/\/prolac.cm\/wp-content\/uploads\/2024\/06\/20230215_125158-1024x768.jpg\" alt=\"\" class=\"wp-image-7553\" srcset=\"https:\/\/prolac.cm\/wp-content\/uploads\/2024\/06\/20230215_125158-1024x768.jpg 1024w, https:\/\/prolac.cm\/wp-content\/uploads\/2024\/06\/20230215_125158-300x225.jpg 300w, https:\/\/prolac.cm\/wp-content\/uploads\/2024\/06\/20230215_125158-768x576.jpg 768w, https:\/\/prolac.cm\/wp-content\/uploads\/2024\/06\/20230215_125158-1536x1152.jpg 1536w, https:\/\/prolac.cm\/wp-content\/uploads\/2024\/06\/20230215_125158-2048x1536.jpg 2048w, https:\/\/prolac.cm\/wp-content\/uploads\/2024\/06\/20230215_125158-16x12.jpg 16w, https:\/\/prolac.cm\/wp-content\/uploads\/2024\/06\/20230215_125158-600x450.jpg 600w, https:\/\/prolac.cm\/wp-content\/uploads\/2024\/06\/20230215_125158-560x420.jpg 560w\" sizes=\"(max-width: 1024px) 100vw, 1024px\" \/><\/figure>\n\n\n\n<figure class=\"wp-block-image size-large\"><img decoding=\"async\" width=\"1024\" height=\"768\" data-id=\"7555\" src=\"https:\/\/prolac.cm\/wp-content\/uploads\/2024\/06\/20230216_122350-1024x768.jpg\" alt=\"\" class=\"wp-image-7555\" srcset=\"https:\/\/prolac.cm\/wp-content\/uploads\/2024\/06\/20230216_122350-1024x768.jpg 1024w, https:\/\/prolac.cm\/wp-content\/uploads\/2024\/06\/20230216_122350-300x225.jpg 300w, https:\/\/prolac.cm\/wp-content\/uploads\/2024\/06\/20230216_122350-768x576.jpg 768w, https:\/\/prolac.cm\/wp-content\/uploads\/2024\/06\/20230216_122350-1536x1152.jpg 1536w, https:\/\/prolac.cm\/wp-content\/uploads\/2024\/06\/20230216_122350-2048x1536.jpg 2048w, https:\/\/prolac.cm\/wp-content\/uploads\/2024\/06\/20230216_122350-16x12.jpg 16w, https:\/\/prolac.cm\/wp-content\/uploads\/2024\/06\/20230216_122350-600x450.jpg 600w, https:\/\/prolac.cm\/wp-content\/uploads\/2024\/06\/20230216_122350-560x420.jpg 560w\" sizes=\"(max-width: 1024px) 100vw, 1024px\" \/><\/figure>\n\n\n\n<figure class=\"wp-block-image size-large\"><img loading=\"lazy\" decoding=\"async\" width=\"1024\" height=\"768\" data-id=\"7554\" src=\"https:\/\/prolac.cm\/wp-content\/uploads\/2024\/06\/20230216_122813-1024x768.jpg\" alt=\"\" class=\"wp-image-7554\" srcset=\"https:\/\/prolac.cm\/wp-content\/uploads\/2024\/06\/20230216_122813-1024x768.jpg 1024w, https:\/\/prolac.cm\/wp-content\/uploads\/2024\/06\/20230216_122813-300x225.jpg 300w, https:\/\/prolac.cm\/wp-content\/uploads\/2024\/06\/20230216_122813-768x576.jpg 768w, https:\/\/prolac.cm\/wp-content\/uploads\/2024\/06\/20230216_122813-1536x1152.jpg 1536w, https:\/\/prolac.cm\/wp-content\/uploads\/2024\/06\/20230216_122813-2048x1536.jpg 2048w, https:\/\/prolac.cm\/wp-content\/uploads\/2024\/06\/20230216_122813-16x12.jpg 16w, https:\/\/prolac.cm\/wp-content\/uploads\/2024\/06\/20230216_122813-600x450.jpg 600w, https:\/\/prolac.cm\/wp-content\/uploads\/2024\/06\/20230216_122813-560x420.jpg 560w\" sizes=\"(max-width: 1024px) 100vw, 1024px\" \/><\/figure>\n\n\n\n<figure class=\"wp-block-image size-large\"><img loading=\"lazy\" decoding=\"async\" width=\"1024\" height=\"768\" data-id=\"7552\" src=\"https:\/\/prolac.cm\/wp-content\/uploads\/2024\/06\/20230218_102823-1024x768.jpg\" alt=\"\" class=\"wp-image-7552\" srcset=\"https:\/\/prolac.cm\/wp-content\/uploads\/2024\/06\/20230218_102823-1024x768.jpg 1024w, https:\/\/prolac.cm\/wp-content\/uploads\/2024\/06\/20230218_102823-300x225.jpg 300w, https:\/\/prolac.cm\/wp-content\/uploads\/2024\/06\/20230218_102823-768x576.jpg 768w, https:\/\/prolac.cm\/wp-content\/uploads\/2024\/06\/20230218_102823-1536x1152.jpg 1536w, https:\/\/prolac.cm\/wp-content\/uploads\/2024\/06\/20230218_102823-2048x1536.jpg 2048w, https:\/\/prolac.cm\/wp-content\/uploads\/2024\/06\/20230218_102823-16x12.jpg 16w, https:\/\/prolac.cm\/wp-content\/uploads\/2024\/06\/20230218_102823-600x450.jpg 600w, https:\/\/prolac.cm\/wp-content\/uploads\/2024\/06\/20230218_102823-560x420.jpg 560w\" sizes=\"(max-width: 1024px) 100vw, 1024px\" \/><\/figure>\n<\/figure>\n\n\n\n<p><\/p>","protected":false},"excerpt":{"rendered":"<p>MISE EN PLACE D\u2019UN COMITE DE GESTION DES OUVRAGES\/INFRASTRUCTURES DU PROLAC Le Comit\u00e9 de Gestion (COGES) est mis en place \u00e0 l\u2019issue du processus d\u2019un diagnostic participatif villageois. Les diff\u00e9rentes parties prenantes doivent\u00a0 ma\u00eetriser leurs r\u00f4les et attributions afin de mieux r\u00e9pondre aux attentes des commer\u00e7ants (construction et \u00e9quipement des march\u00e9s ruraux), des \u00e9leveurs (construction [&hellip;]<\/p>","protected":false},"author":2,"featured_media":7538,"comment_status":"closed","ping_status":"closed","sticky":false,"template":"","format":"standard","meta":{"_monsterinsights_skip_tracking":false,"_monsterinsights_sitenote_active":false,"_monsterinsights_sitenote_note":"","_monsterinsights_sitenote_category":0,"footnotes":""},"categories":[20],"tags":[],"class_list":["post-7532","post","type-post","status-publish","format-standard","has-post-thumbnail","hentry","category-formation"],"aioseo_notices":[],"_links":{"self":[{"href":"https:\/\/prolac.cm\/en\/wp-json\/wp\/v2\/posts\/7532","targetHints":{"allow":["GET"]}}],"collection":[{"href":"https:\/\/prolac.cm\/en\/wp-json\/wp\/v2\/posts"}],"about":[{"href":"https:\/\/prolac.cm\/en\/wp-json\/wp\/v2\/types\/post"}],"author":[{"embeddable":true,"href":"https:\/\/prolac.cm\/en\/wp-json\/wp\/v2\/users\/2"}],"replies":[{"embeddable":true,"href":"https:\/\/prolac.cm\/en\/wp-json\/wp\/v2\/comments?post=7532"}],"version-history":[{"count":1,"href":"https:\/\/prolac.cm\/en\/wp-json\/wp\/v2\/posts\/7532\/revisions"}],"predecessor-version":[{"id":7560,"href":"https:\/\/prolac.cm\/en\/wp-json\/wp\/v2\/posts\/7532\/revisions\/7560"}],"wp:featuredmedia":[{"embeddable":true,"href":"https:\/\/prolac.cm\/en\/wp-json\/wp\/v2\/media\/7538"}],"wp:attachment":[{"href":"https:\/\/prolac.cm\/en\/wp-json\/wp\/v2\/media?parent=7532"}],"wp:term":[{"taxonomy":"category","embeddable":true,"href":"https:\/\/prolac.cm\/en\/wp-json\/wp\/v2\/categories?post=7532"},{"taxonomy":"post_tag","embeddable":true,"href":"https:\/\/prolac.cm\/en\/wp-json\/wp\/v2\/tags?post=7532"}],"curies":[{"name":"wp","href":"https:\/\/api.w.org\/{rel}","templated":true}]}}